{"id":10010,"date":"2020-07-06T17:30:37","date_gmt":"2020-07-06T17:30:37","guid":{"rendered":"http:\/\/www.jab.lv\/forum\/?p=10010"},"modified":"2020-07-01T02:52:11","modified_gmt":"2020-07-01T02:52:11","slug":"rencontres-internationales-du-textile-et-de-la-mode","status":"publish","type":"post","link":"https:\/\/www.jab.lv\/forum\/2020\/07\/06\/rencontres-internationales-du-textile-et-de-la-mode\/","title":{"rendered":"Rencontres Internationales Du Textile Et De La Mode"},"content":{"rendered":"<p>Appel \u00e0 communication : Le Parfumeur : \u00e9volution dune figure depuis la Renaissance 28-29 janvier 2021, Versailles Dans le cadre du Festival International de Mode et de Photographie de Hy\u00e8res qui se tient du 30 avril au 3 mai, la Villa Noailles accueille des tables rondes sur le th\u00e8me de la mode. Demandez le programme! <img decoding=\"async\" src=\"http:\/\/www.madinin-art.net\/images\/chanteclerc2015_img_4.jpg\" alt=\"rencontres internationales du textile et de la mode\" align=\"center\"> Pascal Morand, Olivier Assouly J\u00e9r\u00f4me Neutres, Catherine Gras : La conf\u00e9rence est lun des plus grands congr\u00e8s et points de rencontre de lindustrie en Europe sur les produits chimiques, les polym\u00e8res et les plastiques biosourc\u00e9s. Paco Rabanne D\u00e9fil\u00e9 SpringSummer 2016 Photographie : Coco Capitan LAssociation Nationale pour le D\u00e9veloppement des Arts de la Mode ANDAM,cr\u00e9\u00e9e \u00e0 linitiative du minist\u00e8re de la Culture r\u00e9compense de jeunes cr\u00e9ateurs souhaitant r\u00e9aliser leur collection de haute couture, de pr\u00eat-\u00e0-porter f\u00e9minin, masculin, ou daccessoires. Concours sur dossiers. Recherche et enseignement en arch\u00e9ologie et histoire de lart En attendant, nous mettons en place toutes les conditions daccueil pour garantir votre s\u00e9curit\u00e9 : respect de la distanciation r\u00e9glementaire, le port du masque pour les conseillers en s\u00e9jour nos visiteurs et gel hydro-alcoolique \u00e0 votre disposition.  Le lyc\u00e9e Testud accueille depuis lundi quatre enseignantes et une \u00e9l\u00e8ve de Monastir Tunisie \u00e0 la.. Comment communiquer aupr\u00e8s du grand public sur les enjeux et le d\u00e9roul\u00e9 des chantiers \u00e9lectriques \u00e0 forte technicit\u00e9? <img decoding=\"async\" src=\"http:\/\/kongo-art.com\/wp-content\/uploads\/2016\/11\/KONGO_2012_LeTelephoneRose_3-1.jpg\" alt=\"rencontres internationales du textile et de la mode\" align=\"center\"> <img decoding=\"async\" src=\"http:\/\/eenbee.typepad.com\/photos\/uncategorized\/2008\/04\/01\/riparles_logo_6.jpg\" alt=\"rencontres internationales du textile et de la mode\" align=\"center\"> Cette gamme dactivit\u00e9s, associ\u00e9e \u00e0 la diversit\u00e9 des fibres et des combinaisons de fibres existantes, aux exigences de manipulation de chacune dentre elles et \u00e0 la variation constante de la..  Tour dhorizon des salons Textile et Mode \u00e0 ne pas manquer cet \u00e9t\u00e9 et \u00e0 la rentr\u00e9e! Imaginer les v\u00eatements ou les chaussures du futur, vendre les tendances de la prochaine saison, acheter le meilleur cuir pour les sacs, d\u00e9filer sur un podium pour un cr\u00e9ateur : les m\u00e9tiers de la mode offrent une vari\u00e9t\u00e9 de d\u00e9bouch\u00e9s. En recherche de talents et de profils qualifi\u00e9s, les milliers dentreprises du secteur, du grand groupe comme LVMH Louis Vuitton Mo\u00ebt Hennessz ou PPR Pinault Printemps Redoute aux plus petits ateliers, recrutent les m\u00e9tiers de la cr\u00e9ation, la conception, la commercialisation ou la logistique. Des m\u00e9tiers vari\u00e9s qui font appel \u00e0 des comp\u00e9tences diff\u00e9rentes mais qui se caract\u00e9risent souvent par une passion commune pour la cr\u00e9ation et le beau. Le commerce et la RD : les d\u00e9bouch\u00e9s de la mode  A Shaded View On Fashion Film est un festival itin\u00e9rant de courts-m\u00e9trages sur la mode, le style et la beaut\u00e9, dirig\u00e9 par Diane Pernet et produit par Antoine Asseraf et David Herman. Ce festival sappuie sur le blog et le r\u00e9seau de Diane Pernet pour d\u00e9nicher de nouveaux talents et des grands noms afin d\u00e9chantillonner le large \u00e9ventail du fashion film. 18h30 Inauguration de lexposition Peter Knapp, centre historique dHy\u00e8res. Si vous avez un nouveau CONCOURS \u00e0 nous signaler, une suggestion \u00e0 nous faire, un avis \u00e0 nous donner, une question concernant cette rubrique Nh\u00e9sitez pas CONTACTEZ NOUS Hint: You are using a very old version IE 6.0 of your browser. If Linguee feels slow, please install a new version of Internet Explorer or Firefox.<\/p>\n","protected":false},"excerpt":{"rendered":"<p>rencontres internationales du textile et de la mode<\/p>\n","protected":false},"author":1,"featured_media":0,"comment_status":"closed","ping_status":"closed","sticky":false,"template":"","format":"standard","meta":{"footnotes":""},"categories":[1],"tags":[],"_links":{"self":[{"href":"https:\/\/www.jab.lv\/forum\/wp-json\/wp\/v2\/posts\/10010"}],"collection":[{"href":"https:\/\/www.jab.lv\/forum\/wp-json\/wp\/v2\/posts"}],"about":[{"href":"https:\/\/www.jab.lv\/forum\/wp-json\/wp\/v2\/types\/post"}],"author":[{"embeddable":true,"href":"https:\/\/www.jab.lv\/forum\/wp-json\/wp\/v2\/users\/1"}],"replies":[{"embeddable":true,"href":"https:\/\/www.jab.lv\/forum\/wp-json\/wp\/v2\/comments?post=10010"}],"version-history":[{"count":1,"href":"https:\/\/www.jab.lv\/forum\/wp-json\/wp\/v2\/posts\/10010\/revisions"}],"predecessor-version":[{"id":10011,"href":"https:\/\/www.jab.lv\/forum\/wp-json\/wp\/v2\/posts\/10010\/revisions\/10011"}],"wp:attachment":[{"href":"https:\/\/www.jab.lv\/forum\/wp-json\/wp\/v2\/media?parent=10010"}],"wp:term":[{"taxonomy":"category","embeddable":true,"href":"https:\/\/www.jab.lv\/forum\/wp-json\/wp\/v2\/categories?post=10010"},{"taxonomy":"post_tag","embeddable":true,"href":"https:\/\/www.jab.lv\/forum\/wp-json\/wp\/v2\/tags?post=10010"}],"curies":[{"name":"wp","href":"https:\/\/api.w.org\/{rel}","templated":true}]}}