{"id":10024,"date":"2020-07-06T18:42:58","date_gmt":"2020-07-06T18:42:58","guid":{"rendered":"http:\/\/www.jab.lv\/forum\/?p=10024"},"modified":"2020-07-01T10:55:27","modified_gmt":"2020-07-01T10:55:27","slug":"rencontre-garibaldi-victor-emmanuel-ii","status":"publish","type":"post","link":"https:\/\/www.jab.lv\/forum\/2020\/07\/06\/rencontre-garibaldi-victor-emmanuel-ii\/","title":{"rendered":"Rencontre Garibaldi Victor Emmanuel Ii"},"content":{"rendered":"<p><img decoding=\"async\" src=\"http:\/\/parisbym.com\/wp-content\/uploads\/2018\/05\/modus-1-300x225.jpg\" alt=\"rencontre garibaldi victor emmanuel ii\" align=\"right\">  Le 25 avril 1860, lIntendant \u00e9crit au syndic de Saint-Jean de Maurienne quil est tr\u00e8s m\u00e9content dapprendre quune manifestation hostile sest produite contre un employ\u00e9 pi\u00e9montais au moment de son d\u00e9part et ce, sous les yeux de lautorit\u00e9 militaire fran\u00e7aise. Dans lillustre Congr\u00e8s de Naples et pour maudire le message honteux et Il tentera ensuite de d\u00e9clencher un soul\u00e8vement en Italie centrale, mais Victor-Emmanuel len dissuadera. Ann\u00e9es 1860. Paysans et citadins, nobles et roturiers voyaient en lui le nouveau En ce qui concerne la r\u00e9alit\u00e9 du terrain la situation militaire et lorganisation de la d\u00e9fense nationale sont les pr\u00e9occupations du moment. Larm\u00e9e du Rhin enferm\u00e9e dans Metz, larm\u00e9e de Chalons prisonni\u00e8re, il est ais\u00e9 de conclure quil ne doit plus rester \u00e0 la France, pour continuer la lutte, que de maigres ressources. Lid\u00e9e de cette p\u00e9nurie de moyen est bien faite pour provoquer une inqui\u00e9tude chez tous ceux qui ne veulent pas d\u00e9sesp\u00e9rer du salut final du pays, mais qui se rendent compte combien la continuation de la lutte pourrai \u00eatre p\u00e9nibles et combien lorganisation de la r\u00e9sistance rencontrera de nombreuses et s\u00e9rieuses difficult\u00e9s Luc F. Thevenon, Fronti\u00e8res du comt\u00e9 de Nice : \u00e0 la recherche des bornes perdues sur lancienne limite des royaumes de France et de Pi\u00e9mont-Sardaigne, Serre \u00e9diteur, Nice, 2005 ; p 135. <img decoding=\"async\" src=\"http:\/\/www.puortaldovt.cf\/cache\/avatars\/517063_1453224467.png\" alt=\"rencontre garibaldi victor emmanuel ii\" align=\"left\"> Le premier po\u00ebte chevaleresque est Italien : le Tasse. De son c\u00f4t\u00e9, la commission provisoire du gouvernement du duch\u00e9 de Plaisance, gouvernant au nom de S M. Le roi Victor-Emmanuel II, sadressait en ces termes \u00e0 la population: CITOYENS! Le gouvernement se trouvait dans limpossibilit\u00e9 de trouver et former \u00e0 Garibaldi une troupe digne de son rang. Comme on ne pouvait le renvoyer on lui proposa une troupe h\u00e9t\u00e9roclite qui devait agir sur les flancs de lennemi ayant pour missions de faire un maximum de d\u00e9g\u00e2ts sur les moyens de communications prussiens De toutes fa\u00e7ons, il faut se rappeler que le pl\u00e9biscite, exalt\u00e9 ou d\u00e9nigr\u00e9, n\u00e9tait que lapprobation apr\u00e8s coup de la d\u00e9cision prise \u00e0 Turin le 24 mars pr\u00e9c\u00e9dent. Et il faut attendre la ratification officielle du trait\u00e9 par les s\u00e9nateurs pour quune vie normale puisse reprendre : la Savoie nest plus sarde, mais elle nest pas encore officiellement fran\u00e7aise. Le 14 juin seulement, a lieu la remise officielle de la Savoie \u00e0 la France, dernier acte de lannexion : le proc\u00e8s-verbal est sign\u00e9 \u00e0 midi au ch\u00e2teau de Chamb\u00e9ry, en pr\u00e9sence de larchev\u00eaque, des gouverneurs provisoires et des pr\u00e9fets r\u00e9cemment nomm\u00e9s. Le drapeau fran\u00e7ais est ensuite arbor\u00e9 sur la tour du ch\u00e2teau, salu\u00e9 de 101 coups de canon. A quinze heures, un Te Deum est chant\u00e9 \u00e0 la cath\u00e9drale, en pr\u00e9sence des autorit\u00e9s franco-sardes. Et la journ\u00e9e se termine par le banquet rituel. Il en est de m\u00eame dans les communes o\u00f9 lintendant avait demand\u00e9 aux autorit\u00e9s locales dorganiser un Te Deum. Voir archives de Saint-Jean dArves. <img decoding=\"async\" src=\"http:\/\/parisbym.com\/wp-content\/uploads\/2018\/06\/thumb_D7AFAA89-48C9-41C0-BF47-4AF3ADA310A0_1024.jpg\" alt=\"rencontre garibaldi victor emmanuel ii\" align=\"center\"> ma\u00eetres&#8230; Retir\u00e9 dans ses appartements, enfoui sous des couvertures., Les nouvelles d\u00e9v\u00e9nements qui trompent les plus belles esp\u00e9rances remplissent de douleur toutes les \u00e2mes; le gouvernement partage votre consternation, mais nous jie devons pas nous y aban-esprits les plus rationnels. Apr\u00e8s la prise de Rome le 20 septembre 1870, Au d\u00e9but de 1860, le territoire du Pi\u00e9mont a presque doubl\u00e9 en superficie. Il comprend d\u00e9sormais presque tout le nord de lItalie, plus la Toscane. Le plan original de Cavour na pas chang\u00e9. Il projette une nouvelle guerre contre lAutriche, destin\u00e9e \u00e0 r\u00e9cup\u00e9rer la V\u00e9n\u00e9tie et \u00e0 la mise en place dune nouvelle union douani\u00e8re avec les autres Etats italiens. De cette mani\u00e8re, le Pi\u00e9mont exercerait une influence dominante sur lItalie. La perspective \u00e0 long terme est un Etat politique unique. Cela na pas plu au gouvernement autrichien, qui se sentait appel\u00e9 \u00e0 rendre compte, et Karl Buol, ministre des Affaires \u00e9trang\u00e8res Franz Joseph dAutriche, sespresse en ces termes: consult\u00e9 le 12 juin 2020. URL : http:www.universalis.frencyclopedievictor-emmanuel-ii  Un vent frais de siroco poussait en droite ligne les proues bien dirig\u00e9es, et toute cette journ\u00e9e se passa sous un ciel ravissant de s\u00e9r\u00e9nit\u00e9, dans les plus g\u00e9n\u00e9reux projets, dans les plus ch\u00e8res illusions. Trente coups de b\u00e2ton, au milieu des plaisanteries obsc\u00e8nes et des cruelles railleries des Croates qui assistaient \u00e0 ce supplice barbare, furent remis en libert\u00e9.-, Les anciens l\u00e9gionnaires qui, pour ne pas. Courbet le front devant le vainqueur. S\u00e9taient r\u00e9unis en petits d\u00e9tachements, ou avaient cherch\u00e9 isol\u00e9ment leur s\u00fbret\u00e9 en suivant la voie des montagnes, eurent un sort encore pire que les autres. Rencontr\u00e9s par les batteurs destrade ennemis, ou par les bandes arm\u00e9es de la r\u00e9action toscane, plusieurs dentre eux, pris les armes \u00e0la main, pay\u00e8rent de la t\u00eate leur courage. Neuf cavaliers que lextr\u00eame fatigue avait forc\u00e9s de se reposer dans un bois, furent surpris par des chasseurs tyroliens, et fusill\u00e9s depuis le premier jusquau dernier, sans examen ni jugement, Gr\u00e2ce aux spoliations et aux pillages dont on les accusait, les Garibaldiens, dans la croyance des ennemis, devaient \u00eatre charg\u00e9s dargent et dobjets pr\u00e9cieux; aussi quiconque \u00e9tait pris se voyait aussit\u00f4t.d\u00e9pouill\u00e9 et fouill\u00e9 des pieds \u00e0 t\u00eate. Il arriva m\u00eame, et le cas ne fut pas rare, que les officiers sunirent aux soldatslour examiner avec un soin extr\u00eame les poches des prisonniers; mais la plupart \u00e9taient loin de pouvoir satisfaire lavarice autrichienne : alors ces malheureux payaient des plus indignes traitements, et le plus soa vent de la vie, la d\u00e9ception de leurs bourreaux. .<\/p>\n","protected":false},"excerpt":{"rendered":"<p>rencontre garibaldi victor emmanuel ii<\/p>\n","protected":false},"author":1,"featured_media":0,"comment_status":"closed","ping_status":"closed","sticky":false,"template":"","format":"standard","meta":{"footnotes":""},"categories":[1],"tags":[],"_links":{"self":[{"href":"https:\/\/www.jab.lv\/forum\/wp-json\/wp\/v2\/posts\/10024"}],"collection":[{"href":"https:\/\/www.jab.lv\/forum\/wp-json\/wp\/v2\/posts"}],"about":[{"href":"https:\/\/www.jab.lv\/forum\/wp-json\/wp\/v2\/types\/post"}],"author":[{"embeddable":true,"href":"https:\/\/www.jab.lv\/forum\/wp-json\/wp\/v2\/users\/1"}],"replies":[{"embeddable":true,"href":"https:\/\/www.jab.lv\/forum\/wp-json\/wp\/v2\/comments?post=10024"}],"version-history":[{"count":1,"href":"https:\/\/www.jab.lv\/forum\/wp-json\/wp\/v2\/posts\/10024\/revisions"}],"predecessor-version":[{"id":10025,"href":"https:\/\/www.jab.lv\/forum\/wp-json\/wp\/v2\/posts\/10024\/revisions\/10025"}],"wp:attachment":[{"href":"https:\/\/www.jab.lv\/forum\/wp-json\/wp\/v2\/media?parent=10024"}],"wp:term":[{"taxonomy":"category","embeddable":true,"href":"https:\/\/www.jab.lv\/forum\/wp-json\/wp\/v2\/categories?post=10024"},{"taxonomy":"post_tag","embeddable":true,"href":"https:\/\/www.jab.lv\/forum\/wp-json\/wp\/v2\/tags?post=10024"}],"curies":[{"name":"wp","href":"https:\/\/api.w.org\/{rel}","templated":true}]}}