{"id":20,"date":"2020-06-20T19:15:27","date_gmt":"2020-06-20T19:15:27","guid":{"rendered":"http:\/\/www.jab.lv\/forum\/?p=20"},"modified":"2020-06-20T17:43:15","modified_gmt":"2020-06-20T17:43:15","slug":"rencontre-habitat-participatif-2011","status":"publish","type":"post","link":"https:\/\/www.jab.lv\/forum\/2020\/06\/20\/rencontre-habitat-participatif-2011\/","title":{"rendered":"Rencontre Habitat Participatif 2011"},"content":{"rendered":"<p>Retrouvez dans cet article des informations compl\u00e9mentaires sur le th\u00e8me de lhabitat solidaire, en lien avec la prochaine le 13 f\u00e9vrier prochain \u00e0 Angers. Descriptif long : PROJET HABITAT GROUPE : ECOLODO Ci-joint un communiqu\u00e9 de presse indiquant les diff\u00e9rentes actions de la Coordinaction qui peut \u00eatre diffus\u00e9 dans les r\u00e9seaux et aux m\u00e9dias pour information. Oui sur demande pr\u00e9alable ou \u00e9v\u00e8nement programm\u00e9 Cette plateforme collaborative est con\u00e7ue pour \u00e9voluer au fil des initiatives nouvelles qui se font jour sur notre territoire. La structure des b\u00e2timents et le bardage qui les recouvrira bient\u00f4t sont en bois issu de la r\u00e9gion des Hauts-de-France, un mat\u00e9riau renouvelable et local. Le futur immeuble disposera \u00e9galement dun toit v\u00e9g\u00e9talis\u00e9 et dun chauffe-eau solaire, \u00e9num\u00e8re Anne-Caroline, du cabinet lillois BplusB architectures, qui organise la visite pour les enthousiastes et parfois turbulents futurs voisins. Attention aux trous, ne touchez pas aux fils \u00e9lectriques, crie-t-elle, en passant les cloisons en cours de montage, qui laissent affleurer de la laine de verre. A 200 m de la Gare de Saint Denis avec des logements pens\u00e9s par les habitants. <img decoding=\"async\" src=\"http:\/\/4.bp.blogspot.com\/-KvVGYLKzF34\/UzAKcVTJkZI\/AAAAAAAAB2o\/8m_hD0vhd1s\/s1600\/021675.jpg\" alt=\"rencontre habitat participatif 2011\" align=\"left\"> L\u00e9co-construction, la yourte, les \u00e9nergies renouvelables, le Lancement de groupes de travail th\u00e9matique transversaux.  cr\u00e9\u00e9e le 05.06.2019 \u00e0 00:41, mise \u00e0 jour le 01.03.2020 \u00e0 19:50. Le montage entre la ville de Vitry, la Semise et Coopimmo d\u00e9veloppe, sur le quartier Balzac lot1-C ANRU, 26 logements en accession social \u00e0 la propri\u00e9t\u00e9. Deux modes dacquisition sont d\u00e9ploy\u00e9s dans un m\u00eame montage juridique : une accession \u00e0 la propri\u00e9t\u00e9 en PSLA dite classique et une accession \u00e0 la propri\u00e9t\u00e9 selon un mode participatif budget de lachat rapidement, et familles, actifs, retrait\u00e9s, seuls du 16 au 18 novembre. Inscrivez vous vite car les places sont compt\u00e9es! : support dintervention de Regain autour de lorganisation du groupe, des r\u00e8gles collectives, de la gestion du leadership et des diff\u00e9rentes \u00e9tapes dans la vie dun groupe. Descriptif court : Association loi 1901 qui d\u00e9veloppe des activit\u00e9s de formation, un potager collectif, gestion douce des for\u00eats et de lieu de vie pour les membres actifs r\u00e9sidents <img decoding=\"async\" src=\"http:\/\/4.bp.blogspot.com\/-Yib2dAzq1kk\/TjazWtUhVQI\/AAAAAAAABHg\/_fZG5kYXsYE\/s1600\/equipe-du-mimos-2011-photo-DR.jpg\" alt=\"rencontre habitat participatif 2011\" align=\"right\"> projet se poursuive en pr\u00e9servant l\u00e9nergie et linvestissement de Situ\u00e9 entre les C\u00e9vennes et Montpellier, Lauret est un petit village charmant entour\u00e9 dun paysage remarquable. Il compte aujourdhui 575 habitants. A proximit\u00e9, la majestueuse silhouette du Pic Saint Loup domine le vignoble du m\u00eame nom, lun des plus beaux terroirs du Languedoc.Dot\u00e9 dune maternelle, dune \u00e9cole primaire, dun caf\u00e9 et dune \u00e9picerie, Lauret est proche de petites villes avec tous les services comme Claret, St-Mathieu-de-Tr\u00e9viers ou Quissac. De vie aux regards ext\u00e9rieurs-Journ\u00e9es portes ouvertes, <img decoding=\"async\" src=\"http:\/\/2.bp.blogspot.com\/-FrCrfxlyevM\/WN9i1daDQlI\/AAAAAAAAGec\/j_n4G_6ATdU9vDk7s_TMLBr8-udNckDNwCK4B\/s752\/bandeau%2Bblog.jpg\" alt=\"rencontre habitat participatif 2011\" align=\"left\"> Lobjectif de nos lettres dinformation est de vous faire part de nos d\u00e9marches et projets. Si ce message ne vous concerne pas ou si vous ne souhaitez plus en recevoir, veuillez accepter nos excuses. Vous trouverez ci-dessous un lien de d\u00e9sincription.   Constitu\u00e9 de six foyers, dix adultes et neuf enfants, le groupe travaille ensemble \u00e0 lavanc\u00e9e du projet depuis septembre 2007. La Soci\u00e9t\u00e9 Civile Immobli\u00e8re SCI \u00c9koum\u00e8ne a \u00e9t\u00e9 cr\u00e9\u00e9e dans cette d\u00e9marche en novembre 2011. Descriptif court : Notre objectif : co-cr\u00e9er un lieu de vie interg\u00e9n\u00e9rationnel, proche du centre-ville et du boulevard Nature. Le Pays 122008 : Lauto-promotion, nouvelle fa\u00e7on de construire.<\/p>\n","protected":false},"excerpt":{"rendered":"<p>rencontre habitat participatif 2011<\/p>\n","protected":false},"author":1,"featured_media":0,"comment_status":"closed","ping_status":"closed","sticky":false,"template":"","format":"standard","meta":{"footnotes":""},"categories":[1],"tags":[],"_links":{"self":[{"href":"https:\/\/www.jab.lv\/forum\/wp-json\/wp\/v2\/posts\/20"}],"collection":[{"href":"https:\/\/www.jab.lv\/forum\/wp-json\/wp\/v2\/posts"}],"about":[{"href":"https:\/\/www.jab.lv\/forum\/wp-json\/wp\/v2\/types\/post"}],"author":[{"embeddable":true,"href":"https:\/\/www.jab.lv\/forum\/wp-json\/wp\/v2\/users\/1"}],"replies":[{"embeddable":true,"href":"https:\/\/www.jab.lv\/forum\/wp-json\/wp\/v2\/comments?post=20"}],"version-history":[{"count":1,"href":"https:\/\/www.jab.lv\/forum\/wp-json\/wp\/v2\/posts\/20\/revisions"}],"predecessor-version":[{"id":21,"href":"https:\/\/www.jab.lv\/forum\/wp-json\/wp\/v2\/posts\/20\/revisions\/21"}],"wp:attachment":[{"href":"https:\/\/www.jab.lv\/forum\/wp-json\/wp\/v2\/media?parent=20"}],"wp:term":[{"taxonomy":"category","embeddable":true,"href":"https:\/\/www.jab.lv\/forum\/wp-json\/wp\/v2\/categories?post=20"},{"taxonomy":"post_tag","embeddable":true,"href":"https:\/\/www.jab.lv\/forum\/wp-json\/wp\/v2\/tags?post=20"}],"curies":[{"name":"wp","href":"https:\/\/api.w.org\/{rel}","templated":true}]}}