{"id":362,"date":"2020-06-20T21:35:50","date_gmt":"2020-06-20T21:35:50","guid":{"rendered":"http:\/\/www.jab.lv\/forum\/?p=362"},"modified":"2020-06-20T20:48:57","modified_gmt":"2020-06-20T20:48:57","slug":"rencontre-2cv-les-breuleux","status":"publish","type":"post","link":"https:\/\/www.jab.lv\/forum\/2020\/06\/20\/rencontre-2cv-les-breuleux\/","title":{"rendered":"Rencontre 2cv Les Breuleux"},"content":{"rendered":"<p>16-18 octobre : Fondue aux Breuleux avec Franchement-Deuche <img decoding=\"async\" src=\"http:\/\/www.todofuitbol.cf\/var\/ezflow_site\/storage\/images\/docfr7\/ouvrages\/9782913457300-servitudes-collectives-et-proprietes-privees\/21541273-10-fre-FR\/Servitudes-collectives-et-proprietes-privees_large.jpg\" alt=\"rencontre 2cv les breuleux\" align=\"left\"> <img decoding=\"async\" src=\"http:\/\/img.over-blog.com\/286x430\/3\/99\/22\/02\/2014\/2014-10.1\/31102014-P1040063.jpg\" alt=\"rencontre 2cv les breuleux\" align=\"right\"> 2CV Club Jura est sur Facebook. Pour communiquer avec 2CV Club Jura, connectez-vous \u00e0 Facebook. Beautiful image wonderful lighting and superb colours great composition Facebook is showing information to help you better understand the purpose of a Page. See actions taken by the people who manage and post content. 1989 : Mondiale 2CV \u00e0 Orl\u00e9ans, France 2500 v\u00e9hicules Ce site utilise des cookies \u00e0 des fins de statistiques, doptimisation et de marketing cibl\u00e9. En poursuivant votre visite sur cette page, vous acceptez lutilisation des cookies aux fins \u00e9nonc\u00e9es ci-dessus. En savoir plus.  p.100-102: Lyon 2CV Club-rencontre \u00e0 Sathonay 2014 \u03c4\u03b9\u03bc\u03ae \u03c6\u03c1\u03ad\u03c3\u03ba\u03bf \u03b3\u03ac\u03bb\u03b1 Special Price \u03b1\u03bb\u03bc\u03c0\u03bf\u03c5\u03bc \u03b3\u03b1\u03bc\u03bf\u03c5 13\u03c718  Prochaine assembl\u00e9e g\u00e9n\u00e9rale le 4 avril avec balade dans lapr\u00e8s-midi P.11-17: RENCONTRE DU 2CV CLUB A VALEYRES-SOUS-RANCE-AVRIL06 2002 : Nationale 2CV \u00e0 St Paul de Varax 01 organis\u00e9e par le Lyon 2 CV Club 1700 v\u00e9hicules Un petit souvenir pour moi, ma premixE8re voiture xE9tait une 2CV. \u0392\u03b1\u03c3\u03b9\u03ba\u03bf\u03c2 \u03bc\u03b9\u03c3\u03b8\u03bf\u03c2 \u03b4\u03b7\u03bc\u03bf\u03c3\u03b9\u03bf\u03c5 \u03c5\u03c0\u03b1\u03bb\u03bb\u03b7\u03bb\u03bf\u03c5 2015 \u03a5\u03c0\u03bf\u03c3\u03c7\u03cc\u03bc\u03b1\u03c3\u03c4\u03b5 \u03b3\u03b5\u03c1\u03ad\u03c2 \u03b4\u03cc\u03c3\u03b5\u03b9\u03c2 \u03c4\u03b1\u03be\u03b9\u03b4\u03b9\u03c9\u03c4\u03b9\u03ba\u03ae\u03c2 \u03bf\u03bd\u03b5\u03b9\u03c1\u03bf\u03c0\u03cc\u03bb\u03b7\u03c3\u03b7\u03c2! <img decoding=\"async\" src=\"http:\/\/www.beratone.tk\/var\/ena\/storage\/images\/_aliases\/ena_newsslideshow_portrait\/l-ena-se-presente\/l-ena-dans-l-actualite\/les-actualites-de-l-ecole\/pouvoirs-publics-et-numerique-quels-enjeux-quels-roles-quels-leviers\/1218749-4-fre-FR\/Pouvoirs-publics-et-numerique-quels-enjeux-quels-roles-quels-leviers.png\" alt=\"rencontre 2cv les breuleux\" align=\"center\"> 20 et 21 avril P\u00e2ques 2cv club de Lyon Parc de la Mairie Nationale 2CV 2020 Du 20 au 24 mai 2020, \u00e0 Saint-Dizier  Great colours for this Citroen tribute in a beautiful composition, I really like this art work. Jacky Perret, responsable des 300 b\u00e9n\u00e9voles qui ont organis\u00e9 la Nationale, et pr\u00e9sident du club de la Ni\u00e8vre : La 2CV cest tout simplement un plaisir, \u00e7a sort de lordinaire. Jai toujours eu une 2CV, et je lutilise tous les jours. Le Jura accueillera le Mondial de la deux chevaux en 2021 Durant six jours, quelque 3000 v\u00e9hicules et 6000 \u00e0 7000 participants sont attendus. La rencontre pourrait \u00e9galement attirer 8000 visiteurs journaliers suppl\u00e9mentaires. \u0395\u03b9\u03b4\u03b9\u03ba\u03ae \u03b3\u03bb\u03c9\u03c3\u03c3\u03b9\u03ba\u03ae \u03b4\u03b9\u03b1\u03c4\u03b1\u03c1\u03b1\u03c7\u03ae \u03b1\u03bd\u03c4\u03b9\u03bc\u03b5\u03c4\u03ce\u03c0\u03b9\u03c3\u03b7 \u039a\u03b1\u03bd\u03bf\u03bd\u03b9\u03ba\u03ae \u03a4\u03b9\u03bc\u03ae: \u03c6\u03c5\u03c3\u03b9\u03ba\u03b1 \u03b1\u03b3\u03c7\u03bf\u03bb\u03c5\u03c4\u03b9\u03ba\u03b1 \u03b2\u03bf\u03c4\u03b1\u03bd\u03b1 La commune de Tramelan est revenue sur sa d\u00e9cision de ne. 10.06.2020 08:41 Les mythiques 2CV en balade aujourd?hui du c\u00f4t\u00e9 des.. \u039c\u03b5\u03c4\u03b1\u03b4\u03c1\u03b1\u03c3\u03b7 \u03b4\u03c1\u03b1\u03c3\u03b7 \u03b3\u03b9\u03b1 \u03c4\u03b7\u03bd \u03bc\u03b5\u03c4\u03b1\u03bd\u03b1\u03c3\u03c4\u03b5\u03c5\u03c3\u03b7 \u03ba\u03b1\u03b9 \u03c4\u03b7\u03bd \u03b1\u03bd\u03b1\u03c0\u03c4\u03c5\u03be\u03b7 \u03a6\u03b9\u03bb\u03bc \u03a0\u03c1\u03bf\u03c3\u03c4\u03b1\u03c3\u03af\u03b1\u03c2 \u039f\u03b8\u03cc\u03bd\u03b7\u03c2 Tempered Glass \u03ac\u03b8\u03c1\u03b1\u03c5\u03c3\u03c4\u03bf 9H \u03b3\u03b9\u03b1 Samsung Galaxy Note 7.<\/p>\n","protected":false},"excerpt":{"rendered":"<p>rencontre 2cv les breuleux<\/p>\n","protected":false},"author":1,"featured_media":0,"comment_status":"closed","ping_status":"closed","sticky":false,"template":"","format":"standard","meta":{"footnotes":""},"categories":[1],"tags":[],"_links":{"self":[{"href":"https:\/\/www.jab.lv\/forum\/wp-json\/wp\/v2\/posts\/362"}],"collection":[{"href":"https:\/\/www.jab.lv\/forum\/wp-json\/wp\/v2\/posts"}],"about":[{"href":"https:\/\/www.jab.lv\/forum\/wp-json\/wp\/v2\/types\/post"}],"author":[{"embeddable":true,"href":"https:\/\/www.jab.lv\/forum\/wp-json\/wp\/v2\/users\/1"}],"replies":[{"embeddable":true,"href":"https:\/\/www.jab.lv\/forum\/wp-json\/wp\/v2\/comments?post=362"}],"version-history":[{"count":1,"href":"https:\/\/www.jab.lv\/forum\/wp-json\/wp\/v2\/posts\/362\/revisions"}],"predecessor-version":[{"id":363,"href":"https:\/\/www.jab.lv\/forum\/wp-json\/wp\/v2\/posts\/362\/revisions\/363"}],"wp:attachment":[{"href":"https:\/\/www.jab.lv\/forum\/wp-json\/wp\/v2\/media?parent=362"}],"wp:term":[{"taxonomy":"category","embeddable":true,"href":"https:\/\/www.jab.lv\/forum\/wp-json\/wp\/v2\/categories?post=362"},{"taxonomy":"post_tag","embeddable":true,"href":"https:\/\/www.jab.lv\/forum\/wp-json\/wp\/v2\/tags?post=362"}],"curies":[{"name":"wp","href":"https:\/\/api.w.org\/{rel}","templated":true}]}}