{"id":4,"date":"2020-06-20T20:20:41","date_gmt":"2020-06-20T20:20:41","guid":{"rendered":"http:\/\/www.jab.lv\/forum\/?p=4"},"modified":"2020-06-20T17:39:12","modified_gmt":"2020-06-20T17:39:12","slug":"les-rencontres-pro-obernai","status":"publish","type":"post","link":"https:\/\/www.jab.lv\/forum\/2020\/06\/20\/les-rencontres-pro-obernai\/","title":{"rendered":"Les Rencontres Pro Obernai"},"content":{"rendered":"<p>RAPPEL : les sorties virtuelles sont IN-TER-DI-TES sur le site! Leurs organisateurs sont d\u00e9sormais sanctionn\u00e9s car TOUT LE MONDE veut que cela CESSE! <img decoding=\"async\" src=\"http:\/\/www.foot-national.com\/content\/joueurs\/120x160\/31913.jpg\" alt=\"les rencontres pro obernai\" align=\"left\"> Apr\u00e8s la classe de troisi\u00e8me, on peut pr\u00e9parer un Certificat dAptitude Professionnelle maintenance des mat\u00e9riels option espaces verts. Il faut toutefois pr\u00e9ciser que la mont\u00e9e en comp\u00e9tences li\u00e9e aux nouvelles technologies rend ce dipl\u00f4me moins attrayant pour les recruteurs. Il est donc recommand\u00e9 de compl\u00e9ter son CAP ou de sorienter directement vers un Bac Pro maintenance des mat\u00e9riels, qui se pr\u00e9pare en 3 ans ou en 2 ans pour les titulaires du CAP sous certaines conditions. En classe de seconde, les \u00e9l\u00e8ves suivent un tronc commun, puis doivent choisir entre trois options : mat\u00e9riels agricoles, mat\u00e9riels de construction et de manutention ou mat\u00e9riels despaces verts. Ces formations permettent de trouver assez facilement un emploi, mais on peut poursuivre ses \u00e9tudes avec un BTS TSMA Techniques et services en mat\u00e9riels agricoles, un BTS MMCM Maintenance des mat\u00e9riels de construction et de manutention, une Licence pro maintenance et technologie qui permet dacc\u00e9der directement \u00e0 un poste de cadre, ou m\u00eame pr\u00e9parer un dipl\u00f4me ding\u00e9nieur. Le bureau permanent du RAM est situ\u00e9 au Pr\u00e9O 18 Rue des \u00c9rables \u00e0 Obernai, o\u00f9 se trouve \u00e9galement une salle pour les animations avec les enfants. Des activit\u00e9s sont \u00e9galement propos\u00e9es dans dautres sites de la communaut\u00e9 de communes. Cette prestation est adapt\u00e9e aux entreprises qui connaissent des modifications structurelles telles que des suppressions, transformations ou cr\u00e9ations de postes qui impliqueraient la formation des individus, \u00e0 celles qui souhaitent faire \u00e9voluer un ancien ou nouveau salari\u00e9 ainsi qu\u00e0 celles qui sengagent dans un changement de positionnement dun salari\u00e9 fragilis\u00e9. Exposition collective du 1er juillet au 1er ao\u00fbt 2020 et du 26 au 29 ao\u00fbt 2020 Date limite denvoi des dossiers le 07 juin minuit Cr\u00e9er la surprise, \u00e9tonner, questionner. Voici une des missions que se voit.. Ils recrutent-Arts plastiques Galerie ArtCourse Strasbourg 67000 Modifi\u00e9 le 120320 Comment expliquez-vous la difficult\u00e9 de recruter dans ce secteur? Lergoth\u00e9rapeute \u00e9value les capacit\u00e9s de la personne en utilisant des bilans et des mises en situation. Pour mieux se rendre compte des difficult\u00e9s \u00e9prouv\u00e9es dans la r\u00e9alisation des activit\u00e9s de vie quotidienne, il recherche \u00e9galement des renseignements sur la mani\u00e8re dont les activit\u00e9s se d\u00e9roulent et sur le contexte dans lequel elles se d\u00e9roulent. \u0395\u03b8\u03bd\u03b9\u03ba\u03b7\u03c2 \u03b1\u03bd\u03c4\u03b9\u03c3\u03c4\u03b1\u03c3\u03b5\u03c9\u03c2 \u03c0\u03b5\u03c1\u03b9\u03c3\u03c4\u03b5\u03c1\u03b9 \u03c7\u03b1\u03c1\u03c4\u03b7\u03c2 \u0397 \u03c0\u03c1\u03bf\u03b3\u03c1\u03b1\u03bc\u03bc\u03b1\u03c4\u03b9\u03c3\u03bc\u03ad\u03bd\u03b7 \u03b1\u03bd\u03b1\u03b2\u03ac\u03b8\u03bc\u03b9\u03c3\u03b7 \u03c4\u03b7\u03c2 PHP \u03c3\u03b5 5.2.9 \u03c0\u03c1\u03b1\u03b3\u03bc\u03b1\u03c4\u03bf\u03c0\u03bf\u03b9\u03ae\u03b8\u03b7\u03ba\u03b5 \u03b5\u03c0\u03b9\u03c4\u03c5\u03c7\u03ce\u03c2. Suite au contr\u00f4le du r\u00e8glement de construction r\u00e9alis\u00e9 au mois dAo\u00fbt 2015 par la Direction D\u00e9partementale Des Territoires du Bas-Rhin pour le projet Les All\u00e9es du Parc situ\u00e9 \u00e0 OBERNAI, ALTEXIA re\u00e7oit les f\u00e9licitations pour la qualit\u00e9 de son travail. <img decoding=\"async\" src=\"http:\/\/www.stlshippinxg.tk\/media\/catalog\/product\/cache\/9\/small_image\/225x\/9df78eab33525d08d6e5fb8d27136e95\/1\/6\/16721_2_1.jpg\" alt=\"les rencontres pro obernai\" align=\"right\"> Poser une question \u00e0 Pierre-Yves C \u00e0 propos de Thierry Schwartz La Boulangerie Maison de Ma\u00eetre avec d\u00e9pendance denviron 300 m sur un terrain de 1860 m situ\u00e9e \u00e0 proximit\u00e9 dObernai 67140 Bourgheim, proche de toutes commodit\u00e9s On y retrouve au rez-de-chauss\u00e9e:-Une entr\u00e9e-Une cuisine \u00e9quip\u00e9e denviron 14 m-dune arri\u00e8re-cuisine denviron 13 m-Un salon s\u00e9jour denviron 58 m habitables donnant sur un balcon-Un WC s\u00e9par\u00e9 avec lave main-une chambre denviron 30 m habitables Au premier \u00e9tage:&#8211; une salle de bain-trois chambres dune superficie entre 20 et 29 m,-deux d\u00e9gagements Au 2\u00e8me \u00e9tage:-deux chambres denviron 13 m chacune-un bureau-une pi\u00e8ce pouvant faire office de salons\u00e9jour avec cuisine US-une pi\u00e8ce pouvant faire office de salle de bain On y retrouve \u00e9galement un sous-sol avec garage, buanderie, chaufferie, etc., une d\u00e9pendance ou bien dun g\u00eete une fois r\u00e9nov\u00e9 et dun beau terrain plat de 18,60 ares Les ptits plus:-hauteur sous plafond \u00e0 2,80 m environ Le chauffage au fuel et pellets Taxe fonci\u00e8re: 1376 euros Prix de vente: 484600 euros FAI dont 3,99 \u00e0 la charge de lacqu\u00e9reur inclus dans le prix de vente dont 3.99 honoraires TTC \u00e0 la charge de lacqu\u00e9reur. Demander plus dinformations \u00e0 lagence  Le Relais Assistants Maternels RAM, anim\u00e9 par des professionnelles de la petite enfance, est un trait dunion entre les parents et les assistants maternels, un lieu dinformations, un espace de rencontres et d\u00e9changes.  <img decoding=\"async\" src=\"http:\/\/www.fenelon-vertuel.lpefenelon.com\/mage\/rencontre\/Image3.jpg\" alt=\"les rencontres pro obernai\" align=\"center\"> huuummmmm.. Que de bons g\u00e2teaux pour cette pause caf\u00e9 le long de la route. Un bel accueil et un grand choix de p\u00e2tisseries-Architecture soign\u00e9e, inspir\u00e9e des techniques traditionnelles et sint\u00e9grant dans le tissu patrimonial dObernai.  Lanimation Jeunes du Pays de Sainte Odile sadresse aux jeunes de 10 \u00e0 17 ans.<\/p>\n","protected":false},"excerpt":{"rendered":"<p>les rencontres pro obernai<\/p>\n","protected":false},"author":1,"featured_media":0,"comment_status":"closed","ping_status":"closed","sticky":false,"template":"","format":"standard","meta":{"footnotes":""},"categories":[1],"tags":[],"_links":{"self":[{"href":"https:\/\/www.jab.lv\/forum\/wp-json\/wp\/v2\/posts\/4"}],"collection":[{"href":"https:\/\/www.jab.lv\/forum\/wp-json\/wp\/v2\/posts"}],"about":[{"href":"https:\/\/www.jab.lv\/forum\/wp-json\/wp\/v2\/types\/post"}],"author":[{"embeddable":true,"href":"https:\/\/www.jab.lv\/forum\/wp-json\/wp\/v2\/users\/1"}],"replies":[{"embeddable":true,"href":"https:\/\/www.jab.lv\/forum\/wp-json\/wp\/v2\/comments?post=4"}],"version-history":[{"count":1,"href":"https:\/\/www.jab.lv\/forum\/wp-json\/wp\/v2\/posts\/4\/revisions"}],"predecessor-version":[{"id":5,"href":"https:\/\/www.jab.lv\/forum\/wp-json\/wp\/v2\/posts\/4\/revisions\/5"}],"wp:attachment":[{"href":"https:\/\/www.jab.lv\/forum\/wp-json\/wp\/v2\/media?parent=4"}],"wp:term":[{"taxonomy":"category","embeddable":true,"href":"https:\/\/www.jab.lv\/forum\/wp-json\/wp\/v2\/categories?post=4"},{"taxonomy":"post_tag","embeddable":true,"href":"https:\/\/www.jab.lv\/forum\/wp-json\/wp\/v2\/tags?post=4"}],"curies":[{"name":"wp","href":"https:\/\/api.w.org\/{rel}","templated":true}]}}