{"id":52,"date":"2020-06-20T19:57:13","date_gmt":"2020-06-20T19:57:13","guid":{"rendered":"http:\/\/www.jab.lv\/forum\/?p=52"},"modified":"2020-06-20T18:00:04","modified_gmt":"2020-06-20T18:00:04","slug":"rencontres-das-deutsch-franzosische-magasin-la-revue-franco-allemande","status":"publish","type":"post","link":"https:\/\/www.jab.lv\/forum\/2020\/06\/20\/rencontres-das-deutsch-franzosische-magasin-la-revue-franco-allemande\/","title":{"rendered":"Rencontres Das Deutsch Franz\u00f6sische Magasin La Revue Franco Allemande"},"content":{"rendered":"<p>2011 Vers une histoire de lart transnationale, intervention au s\u00e9minaire de recherche Transferts culturels 2010-2011, organis\u00e9 par M. Espagne et P. Rabault-Feuerhahn, Ecole normale sup\u00e9rieure, Paris, 6 mai 2011 Les experts du centre de m\u00e9decine du sport de lH\u00f4pital de La Tour, le docteur Boris Gojanovic, et Aur\u00e9lie Delacroix-Tarenne, coordinatrice sant\u00e9 et performance, r\u00e9pondent \u00e0 vos questions lors dune discussion en ligne le mardi 16 juin de 11h \u00e0 12h. Die Jumelage zwischen Meerbusch und Fouesnant besteht seit \u00fcber 50 Jahren. Wegen der Corona-Krise fallen alle demn\u00e4chst geplanten gemeinsamen Veranstaltungen aus. Die Freunde halten derzeit \u00fcber digitale Kan\u00e4le Kontakt. R\u00e9ception soir\u00e9e avec r\u00e9citation de po\u00e8mes de Paul Lefort et Charles Vildrac Jury : Barth\u00e9lemy Jobert Paris IV, Thomas W. Gaehtgens FU Berlin, Eric Darragon Paris I, Uwe Fleckner Universit\u00e9 de Hambourg, Martin Schieder FU Berlin et Pierre Vaisse Universit\u00e9 de Gen\u00e8ve. Mention : Tr\u00e8s honorable avec les f\u00e9licitations du Jury \u00e0 lunanimit\u00e9. 17Dans la Pr\u00e9face \u00e9pist\u00e9mo-critique \u00e0 Origine du drame baroque allemand, Benjamin fait \u00e9tat du caract\u00e8re discontinu de la r\u00e9alit\u00e9. En cons\u00e9quence de quoi la pr\u00e9sentation de la v\u00e9rit\u00e9 comme unit\u00e9 et comme singularit\u00e9 nexige nullement un ensemble continu et coh\u00e9rent de d\u00e9ductions \u00e0 la mani\u00e8re de la science. Lenjeu est plut\u00f4t de parvenir \u00e0 comprendre et pr\u00e9senter la v\u00e9rit\u00e9 de mani\u00e8re ad\u00e9quate, ce qui exige de trouver une forme qui fait proc\u00e9der des extr\u00eames \u00e9loign\u00e9s, des exc\u00e8s apparents de l\u00e9volution, la configuration de lid\u00e9e. Car les id\u00e9es sont aux choses ce que les constellations sont aux plan\u00e8tes, la recherche de cette forme produisant un ensemble de connexions est comparable \u00e0 la formation dune constellation. En dialogue avec cette Pr\u00e9face, Adorno affirmera en 1931 que, davantage quune forme, il sagit de d\u00e9finir une m\u00e9thodologie, ce qui revient pour lui \u00e0 d\u00e9finir la t\u00e2che de linterpr\u00e9tation philosophique comme un acte de lecture : Et de m\u00eame que les r\u00e9solutions d\u00e9nigmes se construisent en amenant des \u00e9l\u00e9ments singuliers et diffract\u00e9s de la question \u00e0 former diff\u00e9rents agencements, jusqu\u00e0 ce quil se cristallisent en une figure de laquelle surgit la solution, de m\u00eame la philosophie doit amener ses \u00e9l\u00e9ments, quelle re\u00e7oit des sciences, \u00e0 former des constellations variables, ou bien, pour user dune expression moins astrologique, et plus conforme \u00e0 lactualit\u00e9 scientifique, des agencements exp\u00e9rimentaux variables, jusqu\u00e0 ce quils deviennent cette figure que lon peut lire comme r\u00e9ponse, tandis que dans le m\u00eame temps dispara\u00eet la question. Site franco-allemand AFASPDEFTA Association Franco-Allemande des Stagiaires Professionnels&#8212;&#8212; stages et emplois franco-allemands-annonces franco-allemandes gratuites-rencontres franco-allemandes culturelles et linguistiques-programmes de stammtisch franco-allemands-liens franco-allemands \u03b4\u03b9\u03b1\u03b3\u03c9\u03bd\u03b9\u03c3\u03bc\u03b1 \u03b8\u03c1\u03b7\u03c3\u03ba\u03b5\u03c5\u03c4\u03b9\u03ba\u03c9\u03bd \u03b2 \u03b3\u03c5\u03bc\u03bd \u03b2 \u03c4\u03c1\u03b9\u03bc\u03b7\u03bd\u03bf\u03c5 \u03c4\u03b6\u03c9\u03bd \u03ba\u03b5\u03bd\u03bd\u03b5\u03bd\u03c4\u03c5 99 \u03c0\u03b5\u03c1\u03b9\u03c3\u03c4\u03b5\u03c1\u03b9 \u03a0\u03c1\u03bf\u03c7\u03c9\u03c1\u03b7\u03bc\u03b5\u03bd\u03b7 \u0391\u03bd\u03b1\u03b6\u03b7\u03c4\u03b7\u03c3\u03b7 114 Victor Margueritte : Aristide Briand, Paris 1932, tome 5 de cycle La derni\u00e8re guerre. <img decoding=\"async\" src=\"http:\/\/www.meniiscus.ga\/fileadmin\/_processed_\/csm_foire-bio-corconne_e89b134c45.jpg\" alt=\"rencontres das deutsch franz\u00f6sische magasin la revue franco allemande\" align=\"left\"> <img decoding=\"async\" src=\"http:\/\/photos.gammvert.fr\/v5\/products\/full\/21087-groseillier-jonkheer-van-tets-6.jpeg\" alt=\"rencontres das deutsch franz\u00f6sische magasin la revue franco allemande\" align=\"left\"> La droite allemande r\u00e9alise une offensive des plus rapides : larc de cercle r\u00e9alis\u00e9 par lextr\u00e9mit\u00e9 le 2 e corps de la 1 re arm\u00e9e en trois semaines du 15 ao\u00fbt au 5 septembre fait 500 km de long. Lentreprise a \u00e9t\u00e9 prim\u00e9e pour la quatri\u00e8me fois cons\u00e9cutive comme TOP100-Innovator et compte ainsi parmi les soci\u00e9t\u00e9s les plus innovantes en Allemagne. Huber exporte directement ou indirectement 80 de sa production \u00e0 travers le monde entier et conna\u00eet une croissance \u00e0 deux chiffres. Fid\u00e8le \u00e0 son ancrage dans la r\u00e9gion, elle est en train de construire de nouveaux b\u00e2timents de production et de logistique pour doubler la surface de lusine. Votre inscription a correctement \u00e9t\u00e9 enregistr\u00e9e. Un sur ce projet est paru dans la publication Contact. 2009 Un r\u00f4le qui ne le ferait pas rire La r\u00e9ception critique dIngres en Allemagne au XIXe si\u00e8cle, in : Claire Barbillon, Philippe Durey, Uwe Fleckner \u00e9d, Ingres, un homme \u00e0 part? Entre carri\u00e8re et mythe, la fabrique du personnage, Ecole du Louvre, Paris, 2009, p 401-418. Cr\u00e9ation : 30 novembre 2018 La coop\u00e9ration transrh\u00e9nane en marche Echec retentissant pour la d\u00e9fense. Le tribunal retient le faux dans les titres, lescroquerie, le blanchiment dargent et le faux t\u00e9moignage aggrav\u00e9. La faute commise par le promoteur, lavocat et larchitecte est qualifi\u00e9e dimportante Pr\u00e8s de 75 ans apr\u00e8s la fin du national-socialisme et 57 ans apr\u00e8s le trait\u00e9 de lElys\u00e9e, qui a marqu\u00e9 un nouveau d\u00e9part pour les relations franco-allemandes, nous sommes probablement \u00e0 un tournant de lhistoire, qui menace de remettre en cause les rapprochements minutieusement \u00e9labor\u00e9s sur le Rhin Sup\u00e9rieur. Allemagne de lEst. Dani et sa bande ont grandi dans lutopie socialiste de la RDA. Adolescents \u00e0 la chute du Mur, ils vivent au rythme de la techno, de leurs r\u00eaves d\u00e9brid\u00e9s et des allers-retours au commissariat. Lanc\u00e9e \u00e0 pleine vitesse dans les ann\u00e9es 90, cette jeunesse exalt\u00e9e et d\u00e9sorient\u00e9e va se heurter au destin chaotique de sa g\u00e9n\u00e9ration.  en Robert Foley, Alfred von Schlieffens Military Writing, Routledge, 2012, 280 p,.  Le pr\u00e9sident am\u00e9ricain veut ainsi dissuader la juridiction de poursuivre des militaires am\u00e9ricains pour leur implication dans le conflit en Afghanistan. Pour le pr\u00e9sident de lassembl\u00e9e des Etats parties de la CPI, ces sanctions entravent notre effort commun pour combattre limpunit\u00e9 <img decoding=\"async\" src=\"http:\/\/www.reveil-fm.com\/images\/Bernadette\/Freddy%20Mulongo-MerkelMacron.jpg\" alt=\"rencontres das deutsch franz\u00f6sische magasin la revue franco allemande\" align=\"left\">  111 Pour un portrait de cette organisation, voir Hans Manfred Bock : Heimatlose Republikaner in der Wei Deutsch-Franz\u00f6sische Gesellschaft im Politischen Archiv des Ausw\u00e4rtigen Amtes, T VI. H 024144.<\/p>\n","protected":false},"excerpt":{"rendered":"<p>rencontres das deutsch franz\u00f6sische magasin la revue franco allemande<\/p>\n","protected":false},"author":1,"featured_media":0,"comment_status":"closed","ping_status":"closed","sticky":false,"template":"","format":"standard","meta":{"footnotes":""},"categories":[1],"tags":[],"_links":{"self":[{"href":"https:\/\/www.jab.lv\/forum\/wp-json\/wp\/v2\/posts\/52"}],"collection":[{"href":"https:\/\/www.jab.lv\/forum\/wp-json\/wp\/v2\/posts"}],"about":[{"href":"https:\/\/www.jab.lv\/forum\/wp-json\/wp\/v2\/types\/post"}],"author":[{"embeddable":true,"href":"https:\/\/www.jab.lv\/forum\/wp-json\/wp\/v2\/users\/1"}],"replies":[{"embeddable":true,"href":"https:\/\/www.jab.lv\/forum\/wp-json\/wp\/v2\/comments?post=52"}],"version-history":[{"count":1,"href":"https:\/\/www.jab.lv\/forum\/wp-json\/wp\/v2\/posts\/52\/revisions"}],"predecessor-version":[{"id":53,"href":"https:\/\/www.jab.lv\/forum\/wp-json\/wp\/v2\/posts\/52\/revisions\/53"}],"wp:attachment":[{"href":"https:\/\/www.jab.lv\/forum\/wp-json\/wp\/v2\/media?parent=52"}],"wp:term":[{"taxonomy":"category","embeddable":true,"href":"https:\/\/www.jab.lv\/forum\/wp-json\/wp\/v2\/categories?post=52"},{"taxonomy":"post_tag","embeddable":true,"href":"https:\/\/www.jab.lv\/forum\/wp-json\/wp\/v2\/tags?post=52"}],"curies":[{"name":"wp","href":"https:\/\/api.w.org\/{rel}","templated":true}]}}