{"id":9834,"date":"2020-07-06T18:20:08","date_gmt":"2020-07-06T18:20:08","guid":{"rendered":"http:\/\/www.jab.lv\/forum\/?p=9834"},"modified":"2020-06-29T11:52:47","modified_gmt":"2020-06-29T11:52:47","slug":"iltika-la-rencontre","status":"publish","type":"post","link":"https:\/\/www.jab.lv\/forum\/2020\/07\/06\/iltika-la-rencontre\/","title":{"rendered":"Iltika La Rencontre"},"content":{"rendered":"<p>Le quatour Hyperion a particip\u00e9 au concert de soutien ce travail sinscrit dans le cadre du programme culturel de la classe de seconde lart de vivre ensemble et permet daborder la notion sentiment dappartenance. <img decoding=\"async\" src=\"http:\/\/www.five.hostelgeneration.com\/2017\/sites\/default\/files\/thumbnails\/image\/img_6384_0.jpg\" alt=\"iltika la rencontre\" align=\"right\"> Lactu du Parisien Etudiant, examens, bons plans, soir\u00e9es, orientation.. Lassociation Les petits champions de la lecture, a \u00e9t\u00e9 fond\u00e9e en 2012 \u00e0 linitiative du Syndicat national de l\u00e9dition. Elle est pr\u00e9sid\u00e9e par Antoine Gallimard. Son objet est la promotion des livres et de la lecture. Ses membres sont des repr\u00e9sentants de toute la cha\u00eene du livre : \u00e9diteurs, biblioth\u00e9caires, libraires, \u00e9lus locaux en charge de la culture. De quoi sagit-il? Ce site utilise Akismet pour r\u00e9duire les ind\u00e9sirables.. Pick one thats hard-to-crack, only known by you, and at least 6 characters long. Linspectrice dacad\u00e9mie, DASEN de la Haute-Sa\u00f4ne, a salu\u00e9 cette belle initiative. La main r\u00e9alis\u00e9e sera sans doute une aide pr\u00e9cieuse pour No\u00e9 dans la conqu\u00eate de son autonomie et favorisera notamment sa scolarit\u00e9 au sein dune \u00e9cole inclusive. Les comp\u00e9tences d\u00e9velopp\u00e9es par les coll\u00e9giens dans le cadre de ce projet Main dans la main ont d\u00e9pass\u00e9 le cadre de la technologie. Le projet a \u00e9t\u00e9 porteur de valeurs \u00e9ducatives : l\u00e9lan de solidarit\u00e9 qui a motiv\u00e9 laction de ces \u00e9l\u00e8ves, a pris sens en sinscrivant dans leur parcours citoyen. Contact <img decoding=\"async\" src=\"http:\/\/cache.media.education.gouv.fr\/image\/2017\/55\/0\/forumatice-chaumont_714550.jpg\" alt=\"iltika la rencontre\" align=\"left\">  Finalement, les Nuits Peplum, cest un festival familial et \u00e0 taille humaine. Let your followers know youre on Myspace with a Tweet. <img decoding=\"async\" src=\"http:\/\/s2.dmcdn.net\/r2uM\/220x123-kIx.jpg\" alt=\"iltika la rencontre\" align=\"center\">  The Burgundy regions most beautiful plates, appeared in the newspaper LAssiette au Beurre between 1901 and 1907, the cartoonist and poster Gustave Jossot. Ce nest quune fois \u00e0 lint\u00e9rieur de lar\u00e8ne que celui-ci comprend que ce ballet repose sur un tapis au groove de velours. La furie explosive du groupe reste contenue dans un \u00e9crin de verre. A la limite de lh\u00e9morragie sc\u00e9nique, le quatuor dijonnais cultive lart du contraste. De la tension sauvage de BRNS \u00e0 la m\u00e9lancolie g\u00e9om\u00e9trique de FOALS en passant par les d\u00e9ferlantes orageuses aux \u00e9cumes \u00e9tincelantes, il ny a quun slash! Un pur concentr\u00e9 d\u00e9nergie pop-rock. Tarif : 8-6 moins de 12 ans, scolaires et \u00e9tudiants Ce nest pas un r\u00f4le h\u00e9g\u00e9monique mais f\u00e9d\u00e9rateur, autour de grands projets innovants pour les dijonnaises et les dijonnais, pour les habitants du d\u00e9partement et de la r\u00e9gion. La m\u00eame repr\u00e9sentation a eu lieu \u00e0 Vesoul au lyc\u00e9e Luxembourg o\u00f9 ont \u00e9t\u00e9 accueillis les \u00e9l\u00e8ves du coll\u00e8ge Jean Mac\u00e9 et du lyc\u00e9e Pontarcher. \u03a4\u03b5\u03c7\u03bd\u03bf\u03bb\u03bf\u03b3\u03b9\u03b1 \u03c4\u03c1\u03bf\u03c6\u03b9\u03bc\u03c9\u03bd \u03c4\u03b5\u03b9 \u03b1\u03b8\u03b7\u03bd\u03b1\u03c2 \u03bc\u03b5\u03c4\u03b1\u03c0\u03c4\u03c5\u03c7\u03b9\u03b1\u03ba\u03b1 \u03a4\u03bf \u03c0\u03b1\u03b9\u03c7\u03bd\u03af\u03b4\u03b9 \u03ad\u03b3\u03b9\u03bd\u03b5 \u03c4\u03bf \u03b1\u03c0\u03cc\u03b3\u03b5\u03c5\u03bc\u03b1 \u03c4\u03bf\u03c5 \u03a3\u03b1\u03b2\u03b2\u03ac\u03c4\u03bf\u03c5 \u03c3\u03c4\u03bf \u039a\u03bb\u03b5\u03b9\u03c3\u03c4\u03cc \u0391\u03bb\u03bc\u03c5\u03c1\u03bf\u03cd, \u03bc\u03b5 \u03c4\u03b1 \u03ba\u03bf\u03c1\u03af\u03c4\u03c3\u03b9\u03b1 \u03c4\u03bf\u03c5 \u03a0\u03b5\u03c1\u03b9\u03ba\u03bb\u03ae \u039e\u03cd\u03b4\u03b7 \u03bd\u03b1 \u03c0\u03b1\u03bd\u03b7\u03b3\u03c5\u03c1\u03af\u03b6\u03bf\u03c5\u03bd \u03c4\u03b7\u03bd \u03c0\u03c1\u03cc\u03ba\u03c1\u03b9\u03c3\u03b7 \u03c3\u03c4\u03b9\u03c2 4 \u03ba\u03b1\u03bb\u03cd\u03c4\u03b5\u03c1\u03b5\u03c2 \u03bf\u03bc\u03ac\u03b4\u03b5\u03c2. Apr\u00e8s le succ\u00e8s des deux premiers concerts de la saison et la venue dIltika et Aline, lAvant Sc\u00e8ne continue de proposer de belles rencontres musicales et donne \u00e0 entendre des artistes talentueux. Samedi \u00e0 21 h 30, cest LMK, une jeune artiste lyonnaise, qui est accueillie sous les projecteurs de lAvant Sc\u00e8ne. .<\/p>\n","protected":false},"excerpt":{"rendered":"<p>iltika la rencontre<\/p>\n","protected":false},"author":1,"featured_media":0,"comment_status":"closed","ping_status":"closed","sticky":false,"template":"","format":"standard","meta":{"footnotes":""},"categories":[1],"tags":[],"_links":{"self":[{"href":"https:\/\/www.jab.lv\/forum\/wp-json\/wp\/v2\/posts\/9834"}],"collection":[{"href":"https:\/\/www.jab.lv\/forum\/wp-json\/wp\/v2\/posts"}],"about":[{"href":"https:\/\/www.jab.lv\/forum\/wp-json\/wp\/v2\/types\/post"}],"author":[{"embeddable":true,"href":"https:\/\/www.jab.lv\/forum\/wp-json\/wp\/v2\/users\/1"}],"replies":[{"embeddable":true,"href":"https:\/\/www.jab.lv\/forum\/wp-json\/wp\/v2\/comments?post=9834"}],"version-history":[{"count":1,"href":"https:\/\/www.jab.lv\/forum\/wp-json\/wp\/v2\/posts\/9834\/revisions"}],"predecessor-version":[{"id":9835,"href":"https:\/\/www.jab.lv\/forum\/wp-json\/wp\/v2\/posts\/9834\/revisions\/9835"}],"wp:attachment":[{"href":"https:\/\/www.jab.lv\/forum\/wp-json\/wp\/v2\/media?parent=9834"}],"wp:term":[{"taxonomy":"category","embeddable":true,"href":"https:\/\/www.jab.lv\/forum\/wp-json\/wp\/v2\/categories?post=9834"},{"taxonomy":"post_tag","embeddable":true,"href":"https:\/\/www.jab.lv\/forum\/wp-json\/wp\/v2\/tags?post=9834"}],"curies":[{"name":"wp","href":"https:\/\/api.w.org\/{rel}","templated":true}]}}