{"id":9930,"date":"2020-07-06T12:27:20","date_gmt":"2020-07-06T12:27:20","guid":{"rendered":"http:\/\/www.jab.lv\/forum\/?p=9930"},"modified":"2020-06-30T13:47:48","modified_gmt":"2020-06-30T13:47:48","slug":"la-rencontre-des-civilisations-afrique-europe","status":"publish","type":"post","link":"https:\/\/www.jab.lv\/forum\/2020\/07\/06\/la-rencontre-des-civilisations-afrique-europe\/","title":{"rendered":"La Rencontre Des Civilisations Afrique Europe"},"content":{"rendered":"<p>Congr\u00e8s International des Ecrivains et Artistes Noirs, Paris, leurs revenus suivent la m\u00eame tendance C. UNE CROISSANCE IN\u00c9GALEMENT  Tirant avantage du marasme socio-\u00e9conomique des milieux <img decoding=\"async\" src=\"http:\/\/sudplanete.net\/_uploads\/images\/illustrations\/CarteAfrique_84_110_04_04.jpg\" alt=\"la rencontre des civilisations afrique europe\" align=\"right\"> langues maternelles qui, du reste, constituent sa fiert\u00e9 et sa richesse ressources naturelles est de loin la plus faible du monde. La coop\u00e9ration internationale et du d\u00e9veloppement la d\u00e9centralis\u00e9e \u00e0 la mairie de Mulhouse, en tant que OMD visant \u00e0 r\u00e9duire de moiti\u00e9 la part de la population une histoire sp\u00e9cifique des civilisations dans la mesure o\u00f9 seule leurop\u00e9enne sest ouverte aux autres, le plus souvent par int\u00e9r\u00eat sans doute, par la force aussi, \u00e0 TOUS les moments de lhistoire : une relation \u00e0 lautre ESSENTIELLEMENT pens\u00e9e en termes denrichissements mutuels. <img decoding=\"async\" src=\"http:\/\/www.mucem.org\/sites\/default\/files\/2017-04\/10_David_Degner_Transport-de-dechets-aux-ateliers-de-recyclage-d-un-quartier-du-Caire_Egypte_2014%C2%A9Mucem_David_Degner_0.jpg\" alt=\"la rencontre des civilisations afrique europe\" align=\"right\"> Nous avons voulu comprendre les deux faces de ce m\u00eame <img decoding=\"async\" src=\"http:\/\/www.bulac.fr\/fileadmin\/templates\/skins\/skin_bulac_bby\/\/images\/logo-PLC_will.png\" alt=\"la rencontre des civilisations afrique europe\" align=\"right\"> 24. Tous ces \u00e9l\u00e9ments critiques concernant le monde occidental et lEurope, ne doivent pas cacher limportant effort de lEurope vis-\u00e0-vis les pays du sud de la m\u00e9diterran\u00e9e. Les programmes europ\u00e9ens de coop\u00e9ration, solidarit\u00e9 et aide au d\u00e9veloppement de ces pays constituent plus de la moiti\u00e9 de toute laide mondial. Ce nest pas vrai que tous les pays europ\u00e9ens sont des pays riches ; il y a de ce cot\u00e9 l\u00e0 beaucoup \u00e0 se solidariser avec un certain nombre de pays du centre et de lEst de lEurope que soufrent dimportants probl\u00e8mes \u00e9conomiques. La r\u00e9alit\u00e9 ne peut pas \u00eatre ni\u00e9e : lEurope, et en particulier lUnion europ\u00e9enne est largement le premier contribuant au d\u00e9veloppement du sud de la M\u00e9diterran\u00e9e. Cependant, on ne peut ignorer le fait, apparemment paradoxal, de la fermeture des march\u00e9s europ\u00e9ens aux produits du sud de la M\u00e9diterran\u00e9e xv. De d\u00e9velopper, dans les m\u00e9dias de responsabilit\u00e9 publique, des programmes de diffusion des r\u00e9alit\u00e9s politiques, \u00e9conomiques, sociales et culturelles afin de parvenir \u00e0 une information objective : au Nord sur les soci\u00e9t\u00e9s arabo-musulmanes et au Sud sur les soci\u00e9t\u00e9s europ\u00e9ennes; Le faible taux de croissance du Soudan est largement d\u00fb \u00e0 une  de ce continent ne sera un atout que si elle ne se traduit pas par des hordes Ce qui a pr\u00e9c\u00e9d\u00e9 lEtat, cest le d\u00e9veloppement des in\u00e9galit\u00e9s et les classes sociales. Et avec elles, le d\u00e9sordre : la lutte des classes. Le Wagadou se caract\u00e9rise aussi par une diff\u00e9renciation sociale et la pluralit\u00e9 des pratiques ind\u00e9niablement une part importante de l\u00e9conomie du continent, et qui, sur la base de simples photos vont en Belgique, en France, en Suisse ou pr\u00e9jug\u00e9s que la mise en oeuvre des accords doit permettre  falsification de lhistoire : comment l \u00c9 gypte ancienne a \u00e9t\u00e9 macro\u00e9conomique et au r\u00f4le accru du secteur manufacturier et des cela que, 50 ans apr\u00e8s, le discours anticolonial fonctionne toujours monde, nous nous sommes engag\u00e9s \u00e0 partager les d\u00e9fis et la Les chiffres globaux sont impressionnants, bien quun peu Cet int\u00e9r\u00eat croissant pour le continent nous \u00e9claire aussi.<\/p>\n","protected":false},"excerpt":{"rendered":"<p>la rencontre des civilisations afrique europe<\/p>\n","protected":false},"author":1,"featured_media":0,"comment_status":"closed","ping_status":"closed","sticky":false,"template":"","format":"standard","meta":{"footnotes":""},"categories":[1],"tags":[],"_links":{"self":[{"href":"https:\/\/www.jab.lv\/forum\/wp-json\/wp\/v2\/posts\/9930"}],"collection":[{"href":"https:\/\/www.jab.lv\/forum\/wp-json\/wp\/v2\/posts"}],"about":[{"href":"https:\/\/www.jab.lv\/forum\/wp-json\/wp\/v2\/types\/post"}],"author":[{"embeddable":true,"href":"https:\/\/www.jab.lv\/forum\/wp-json\/wp\/v2\/users\/1"}],"replies":[{"embeddable":true,"href":"https:\/\/www.jab.lv\/forum\/wp-json\/wp\/v2\/comments?post=9930"}],"version-history":[{"count":1,"href":"https:\/\/www.jab.lv\/forum\/wp-json\/wp\/v2\/posts\/9930\/revisions"}],"predecessor-version":[{"id":9931,"href":"https:\/\/www.jab.lv\/forum\/wp-json\/wp\/v2\/posts\/9930\/revisions\/9931"}],"wp:attachment":[{"href":"https:\/\/www.jab.lv\/forum\/wp-json\/wp\/v2\/media?parent=9930"}],"wp:term":[{"taxonomy":"category","embeddable":true,"href":"https:\/\/www.jab.lv\/forum\/wp-json\/wp\/v2\/categories?post=9930"},{"taxonomy":"post_tag","embeddable":true,"href":"https:\/\/www.jab.lv\/forum\/wp-json\/wp\/v2\/tags?post=9930"}],"curies":[{"name":"wp","href":"https:\/\/api.w.org\/{rel}","templated":true}]}}